{"id":3831,"date":"2018-07-11T20:19:51","date_gmt":"2018-07-11T18:19:51","guid":{"rendered":"https:\/\/vitradoc.com\/cae-riesgos-laborales\/"},"modified":"2021-06-22T11:21:00","modified_gmt":"2021-06-22T09:21:00","slug":"cae-riscos-laborals","status":"publish","type":"post","link":"https:\/\/vitradoc.com\/ca\/cae-riscos-laborals\/","title":{"rendered":"CAE : Obligaci\u00f3 d&#8217;informar dels riscos laborals"},"content":{"rendered":"<div id=\"pl-3831\"  class=\"panel-layout\" ><div id=\"pg-3831-0\"  class=\"panel-grid panel-has-style\" ><div style=\"padding: 0px 0; \" data-overlay=\"true\" data-overlay-color=\"#000000\" class=\"panel-row-style panel-row-style-for-3831-0\" ><div id=\"pgc-3831-0-0\"  class=\"panel-grid-cell\" ><div id=\"panel-3831-0-0-0\" class=\"so-panel widget widget_sow-editor panel-first-child panel-last-child\" data-index=\"0\" ><div style=\"text-align: left;\" data-title-color=\"#47425d\" data-headings-color=\"#443f3f\" data-title_alignment=\"center\" class=\"panel-widget-style panel-widget-style-for-3831-0-0-0\" ><div\n\t\t\t\n\t\t\tclass=\"so-widget-sow-editor so-widget-sow-editor-base\"\n\t\t\t\n\t\t>\n<div class=\"siteorigin-widget-tinymce textwidget\">\n\t<p style=\"text-align: justify;\">La Coordinaci\u00f3 d'Activitats Empresarials neix de la Llei de Prevenci\u00f3 de Riscos Laborals establint, al seu <a href=\"https:\/\/www.boe.es\/buscar\/act.php?id=BOE-A-1995-24292\" target=\"_blank\" rel=\"noopener\">article 24<\/a>, que quan a un mateix centre de treball s\u2019exerceixin activitats de treball de dues o m\u00e9s empreses, aquestes han de cooperar en l'aplicaci\u00f3 de la normativa sobre prevenci\u00f3 de <strong>riscos laborals<\/strong>. A aquest efecte, establiran els mitjans de coordinaci\u00f3 que siguin necessaris en protecci\u00f3 i prevenci\u00f3 de riscos laborals i la informaci\u00f3 sobre els mateixos als seus respectius treballadors. Per tant, \u00e9s obligatori dur a terme la CAE quan en un mateix centre de treball es portin a terme activitats per part de persones treballadores de <strong>dues o m\u00e9s empreses<\/strong>.<\/p>\n<h2>Concurr\u00e8ncia a un centre de treball<\/h2>\n<p style=\"text-align: justify; margin-bottom: 0px;\">Quan aix\u00f2 passa, hi pot haver tres situacions de concurr\u00e8ncia:<\/p>\n<ul>\n<li>Que hi hagi treballadors de diverses empreses que es trobin en un mateix lloc de treball.<\/li>\n<li>Que una d'aquestes empreses actu\u00ef com a titular del centre de treball (l'empresari est\u00e0 contractant una activitat diferent a la pr\u00f2pia del centre).<\/li>\n<li>Que una d'aquestes empreses actu\u00ef com a principal (l'empresari contracta serveis o treballs que formen part de la seva pr\u00f2pia activitat).<\/li>\n<\/ul>\n<p style=\"text-align: justify; margin-bottom: 0px;\">Aix\u00ed, al mateix centre de treball podem trobar:<\/p>\n<ul>\n<li>L'empresa titular.<\/li>\n<li>L'empresa principal.<\/li>\n<li>Les empreses subcontractistes.<\/li>\n<\/ul>\n<h3>L\u2019empresa titular<\/h3>\n<p style=\"text-align: justify;\">\u2028L\u2019empresa titular \u00e9s la que gestiona i disposa del centre de treball on s'executaran els treballs.<\/p>\n<p style=\"text-align: justify;\">L'empresari titular del centre de treball adoptar\u00e0 les mesures necess\u00e0ries per garantir que la resta d'empresaris, que exerceixen activitats en el seu centre de treball, rebin la informaci\u00f3 i les instruccions adequades en relaci\u00f3 amb els riscos existents al lloc de treball i les mesures de protecci\u00f3 i prevenci\u00f3 corresponents, aix\u00ed com les mesures d'emerg\u00e8ncia a aplicar, per al seu trasllat als seus respectius treballadors. Les empreses que contractin o subcontractin amb altres la realitzaci\u00f3 d'obres o serveis corresponents a la seva pr\u00f2pia activitat i que es realitzin en els seus propis centres de treball, <strong>vigilaran el compliment de la normativa de prevenci\u00f3 de riscos laborals<\/strong> per part d'aquests contractistes i subcontractistes .<\/p>\n<p style=\"text-align: justify;\">Si es dona el cas que l'empresari titular no aporta treballadors, les seves obligacions es limiten a informar als empresaris concurrents dels riscos del seu centre de treball que puguin, d'una manera o altra, afectar les activitats que s'hi duen a terme. Parlem tant d'empreses que realitzen tasques habituals (seguretat, manteniment, neteja, revisi\u00f3 d'equips,...) com d'empreses que poden anar-hi de forma m\u00e9s espor\u00e0dica (reparacions, obres, serveis de puntals,...).<\/p>\n<h3>L\u2019empresa principal<\/h3>\n<p style=\"text-align: justify;\">L'empresa principal \u00e9s la que contracta o subcontracta amb una altra o altres la realitzaci\u00f3 d'una obra o servei corresponent a la seva pr\u00f2pia activitat i que es realitza en el seu propi centre de treball. Entrarien les empreses de treball temporal, per exemple.<\/p>\n<p style=\"text-align: justify;\">L'empresari informar\u00e0 els seus treballadors dels riscos derivats de la concurr\u00e8ncia d\u2019empreses i tamb\u00e9 informar\u00e0 els treballadors de les empreses subcontractades dels riscos del lloc de treball, les mesures preventives i les mesures d'emerg\u00e8ncia. A m\u00e9s, vetllar\u00e0 pel compliment de la normativa de prevenci\u00f3 i per <strong>que s'hagin establert els mitjans de coordinaci\u00f3 necessaris<\/strong>.<\/p>\n<p class=\"BG-COLOR-GRIS-CLAR\" style=\"padding: 20px; text-align: justify;\">Es pot donar el cas que la figura de l'empresari principal i de l'empresari titular del centre de treball no coincideixi. Aix\u00f2 passa, per exemple, quan es contracta amb un altre la realitzaci\u00f3 d'una obra o servei que no \u00e9s de la seva pr\u00f2pia activitat i, al mateix temps, aquest subcontracta amb un altre la realitzaci\u00f3 d'aquesta obra o servei. En aquest cas, el primer empresari actuaria com a empresari titular i el segon com a empresari principal en mat\u00e8ria de subcontractaci\u00f3, subcontractant la seva pr\u00f2pia activitat.<br \/>\nTanmateix, quan una empresa contracta la realitzaci\u00f3 de diverses obres o serveis que no s\u00f3n de la seva pr\u00f2pia activitat simult\u00e0niament amb diverses empreses, si aquestes empreses contractants al mateix temps subcontracten algunes d'aquestes activitats amb altres empreses, es converteixen en empresaris principals dels respectius subcontractistes.<\/p>\n<h3>L\u2019empresa subcontractista<\/h3>\n<p style=\"text-align: justify;\">L'empresa subcontractista \u00e9s la que acudeix al centre de treball contractada per l'empresari principal per dur a terme una part del treball o serveis a realitzar. Pot donar-se el cas que sigui un treballador aut\u00f2nom.<\/p>\n<h2>Com han d'actuar les empreses concurrents<\/h2>\n<p style=\"text-align: justify;\">Les empreses concurrents, \u00e9s a dir, totes aquelles que acudeixen al centre de treball per dur a terme les seves activitats, un cop hagin estat informats dels riscos, instruccions i mesures de prevenci\u00f3 per part de l'empresari propietari, hauran de:<\/p>\n<\/div>\n<\/div><\/div><\/div><\/div><\/div><\/div><div id=\"pg-3831-1\"  class=\"panel-grid panel-has-style\" ><div style=\"padding: 0px 0; \" data-overlay=\"true\" data-overlay-color=\"#000000\" class=\"panel-row-style panel-row-style-for-3831-1\" ><div id=\"pgc-3831-1-0\"  class=\"panel-grid-cell\" ><div id=\"panel-3831-1-0-0\" class=\"so-panel widget widget_sow-editor panel-first-child panel-last-child\" data-index=\"1\" ><div style=\"text-align: left;\" data-title-color=\"#47425d\" data-headings-color=\"#443f3f\" data-title_alignment=\"center\" class=\"panel-widget-style panel-widget-style-for-3831-1-0-0\" ><div\n\t\t\t\n\t\t\tclass=\"so-widget-sow-editor so-widget-sow-editor-base\"\n\t\t\t\n\t\t>\n<div class=\"siteorigin-widget-tinymce textwidget\">\n\t<h3>Pr\u00e8vi a l\u2019inici dels treballs<\/h3>\n<ul>\n<li>Preparar o modificar l'avaluaci\u00f3 de riscos, si s\u2019escau, incorporant la informaci\u00f3 i instruccions rebudes de l'empresari.<\/li>\n<li>Proporcionar aquesta avaluaci\u00f3 de riscos a l'empresari titular, especialment si els riscos generats per la seva activitat poden afectar tercers.<\/li>\n<li>Comunicar als seus treballadors la informaci\u00f3 i les instruccions rebudes i fer-les complir.<\/li>\n<li>Comunicar als seus treballadors les mesures d'emerg\u00e8ncia.<\/li>\n<li>Establir els mitjans de coordinaci\u00f3 necessaris, a iniciativa de l'empresari titular, i comunicar-ho als seus treballadors.<\/li>\n<li>Aportar al propietari la documentaci\u00f3 relativa a la seva activitat i als seus treballadors segons sigui necessari.<\/li>\n<\/ul>\n<\/div>\n<\/div><\/div><\/div><\/div><div id=\"pgc-3831-1-1\"  class=\"panel-grid-cell\" ><div id=\"panel-3831-1-1-0\" class=\"so-panel widget widget_sow-editor panel-first-child panel-last-child\" data-index=\"2\" ><div style=\"text-align: left;\" data-title-color=\"#47425d\" data-headings-color=\"#443f3f\" data-title_alignment=\"center\" class=\"panel-widget-style panel-widget-style-for-3831-1-1-0\" ><div\n\t\t\t\n\t\t\tclass=\"so-widget-sow-editor so-widget-sow-editor-base\"\n\t\t\t\n\t\t>\n<div class=\"siteorigin-widget-tinymce textwidget\">\n\t<h3>Durant l'execuci\u00f3 del treball<\/h3>\n<ul>\n<li>Informar immediatament a l'empresari propietari de les incid\u00e8ncies i\/o accidents ocorreguts a les seves instal\u00b7lacions i de qualsevol situaci\u00f3 d'emerg\u00e8ncia.<\/li>\n<li>Comunicar aquells nous riscos que puguin sorgir, quan es produeixin canvis en l'obra durant la seva execuci\u00f3, sempre que siguin rellevants per a la coordinaci\u00f3 d'activitats. El propietari donar\u00e0 noves instruccions per als canvis al centre que ho requereixin.<\/li>\n<li>Renovar la documentaci\u00f3 lliurada a l'inici del treball un cop caducada o perduda la seva validesa (assegurances, certificats, aptituds m\u00e8diques...).<\/li>\n<\/ul>\n<\/div>\n<\/div><\/div><\/div><\/div><\/div><\/div><div id=\"pg-3831-2\"  class=\"panel-grid panel-has-style\" ><div style=\"padding: 0px 0; \" data-overlay=\"true\" data-overlay-color=\"#000000\" class=\"panel-row-style panel-row-style-for-3831-2\" ><div id=\"pgc-3831-2-0\"  class=\"panel-grid-cell\" ><div id=\"panel-3831-2-0-0\" class=\"so-panel widget widget_sow-editor panel-first-child panel-last-child\" data-index=\"3\" ><div style=\"text-align: left;\" data-title-color=\"#47425d\" data-headings-color=\"#443f3f\" data-title_alignment=\"center\" class=\"panel-widget-style panel-widget-style-for-3831-2-0-0\" ><div\n\t\t\t\n\t\t\tclass=\"so-widget-sow-editor so-widget-sow-editor-base\"\n\t\t\t\n\t\t>\n<div class=\"siteorigin-widget-tinymce textwidget\">\n\t<p class=\"BG-COLOR-GRIS-CLAR\" style=\"padding: 20px; text-align: justify;\">A les <strong>obres de construcci\u00f3<\/strong> es donen circumst\u00e0ncies especials que tractarem en un altre article, doncs hi ha algunes q\u00fcestions distintives que mereixen una explicaci\u00f3 m\u00e9s detallada, com el tema dels <strong>Plans de Seguretat i Salut<\/strong> o la figura del <strong>Coordinador de Seguretat i Salut<\/strong> de l'obra, amb funcions espec\u00edfiques en aquesta mat\u00e8ria.<\/p>\n<h2>Coordinaci\u00f3 d'Activitats Empresarials<\/h2>\n<p style=\"text-align: justify;\">\u00c9s apropiat i important celebrar una <strong>reuni\u00f3 pr\u00e8via de Coordinaci\u00f3 d'Activitats Empresarials<\/strong> en la qual es comparteixi tota la documentaci\u00f3, s'informin dels riscos m\u00e9s importants i es planifiqui el treball per a una bona <a href=\"https:\/\/vitradoc.com\/ca\/gestio-pimes-empreses\/\">gesti\u00f3 de les empreses concurrents<\/a>. L'ideal seria que es redact\u00e9s una acta d'aquesta reuni\u00f3 perqu\u00e8 la signessin tots els participants.<\/p>\n<\/div>\n<\/div><\/div><\/div><\/div><\/div><\/div><\/div>","protected":false},"excerpt":{"rendered":"<p>La Coordinaci\u00f3 d&#8217;Activitats Empresarials neix de la Llei de Prevenci\u00f3 de Riscos Laborals establint, al seu article 24, que quan a un mateix centre de treball s\u2019exerceixin activitats de treball de dues o m\u00e9s empreses, aquestes han de cooperar en l&#8217;aplicaci\u00f3 de la normativa sobre prevenci\u00f3 de riscos laborals. A aquest efecte, establiran els mitjans [&hellip;]<\/p>\n","protected":false},"author":3,"featured_media":3814,"comment_status":"closed","ping_status":"open","sticky":false,"template":"","format":"standard","meta":{"_monsterinsights_skip_tracking":false,"_monsterinsights_sitenote_active":false,"_monsterinsights_sitenote_note":"","_monsterinsights_sitenote_category":0,"footnotes":""},"categories":[24],"tags":[],"class_list":["post-3831","post","type-post","status-publish","format-standard","has-post-thumbnail","hentry","category-prevencio-laboral"],"yoast_head":"<!-- This site is optimized with the Yoast SEO plugin v27.0 - https:\/\/yoast.com\/product\/yoast-seo-wordpress\/ -->\n<title>CAE : Obligaci\u00f3 d&#039;informar dels riscos laborals &#8211; VITRAdoc<\/title>\n<meta name=\"description\" content=\"La coordinaci\u00f3 d&#039;activitats empresarials CAE obliga a informar dels riscos laborals a les empreses concurrents en un centre de treball.\" \/>\n<meta name=\"robots\" content=\"index, follow, max-snippet:-1, max-image-preview:large, max-video-preview:-1\" \/>\n<link rel=\"canonical\" href=\"https:\/\/vitradoc.com\/ca\/cae-riscos-laborals\/\" \/>\n<meta property=\"og:locale\" content=\"ca_ES\" \/>\n<meta property=\"og:type\" content=\"article\" \/>\n<meta property=\"og:title\" content=\"CAE : Obligaci\u00f3 d&#039;informar dels riscos laborals &#8211; VITRAdoc\" \/>\n<meta property=\"og:description\" content=\"La coordinaci\u00f3 d&#039;activitats empresarials CAE obliga a informar dels riscos laborals a les empreses concurrents en un centre de treball.\" \/>\n<meta property=\"og:url\" content=\"https:\/\/vitradoc.com\/ca\/cae-riscos-laborals\/\" \/>\n<meta property=\"og:site_name\" content=\"VITRAdoc\" \/>\n<meta property=\"article:publisher\" content=\"https:\/\/www.facebook.com\/vitradoc\/\" \/>\n<meta property=\"article:published_time\" content=\"2018-07-11T18:19:51+00:00\" \/>\n<meta property=\"article:modified_time\" content=\"2021-06-22T09:21:00+00:00\" \/>\n<meta property=\"og:image\" content=\"https:\/\/vitradoc.com\/wp-content\/uploads\/2018\/07\/riesgos-laborales-cae.jpg\" \/>\n\t<meta property=\"og:image:width\" content=\"1600\" \/>\n\t<meta property=\"og:image:height\" content=\"1067\" \/>\n\t<meta property=\"og:image:type\" content=\"image\/jpeg\" \/>\n<meta name=\"author\" content=\"Ram\u00f3n\" \/>\n<meta name=\"twitter:card\" content=\"summary_large_image\" \/>\n<meta name=\"twitter:creator\" content=\"@vitradoc\" \/>\n<meta name=\"twitter:site\" content=\"@vitradoc\" \/>\n<meta name=\"twitter:label1\" content=\"Written by\" \/>\n\t<meta name=\"twitter:data1\" content=\"Ram\u00f3n\" \/>\n\t<meta name=\"twitter:label2\" content=\"Est. reading time\" \/>\n\t<meta name=\"twitter:data2\" content=\"5 minutes\" \/>\n<script type=\"application\/ld+json\" class=\"yoast-schema-graph\">{\"@context\":\"https:\/\/schema.org\",\"@graph\":[{\"@type\":\"Article\",\"@id\":\"https:\/\/vitradoc.com\/ca\/cae-riscos-laborals\/#article\",\"isPartOf\":{\"@id\":\"https:\/\/vitradoc.com\/ca\/cae-riscos-laborals\/\"},\"author\":{\"name\":\"Ram\u00f3n\",\"@id\":\"https:\/\/vitradoc.com\/ca\/#\/schema\/person\/e59ad9915e3a5de83e1686140ca12395\"},\"headline\":\"CAE : Obligaci\u00f3 d&#8217;informar dels riscos laborals\",\"datePublished\":\"2018-07-11T18:19:51+00:00\",\"dateModified\":\"2021-06-22T09:21:00+00:00\",\"mainEntityOfPage\":{\"@id\":\"https:\/\/vitradoc.com\/ca\/cae-riscos-laborals\/\"},\"wordCount\":1102,\"publisher\":{\"@id\":\"https:\/\/vitradoc.com\/ca\/#organization\"},\"image\":{\"@id\":\"https:\/\/vitradoc.com\/ca\/cae-riscos-laborals\/#primaryimage\"},\"thumbnailUrl\":\"https:\/\/vitradoc.com\/wp-content\/uploads\/2018\/07\/riesgos-laborales-cae.jpg\",\"articleSection\":[\"Prevenci\u00f3 laboral\"],\"inLanguage\":\"ca-ES\"},{\"@type\":\"WebPage\",\"@id\":\"https:\/\/vitradoc.com\/ca\/cae-riscos-laborals\/\",\"url\":\"https:\/\/vitradoc.com\/ca\/cae-riscos-laborals\/\",\"name\":\"CAE : Obligaci\u00f3 d'informar dels riscos laborals &#8211; VITRAdoc\",\"isPartOf\":{\"@id\":\"https:\/\/vitradoc.com\/ca\/#website\"},\"primaryImageOfPage\":{\"@id\":\"https:\/\/vitradoc.com\/ca\/cae-riscos-laborals\/#primaryimage\"},\"image\":{\"@id\":\"https:\/\/vitradoc.com\/ca\/cae-riscos-laborals\/#primaryimage\"},\"thumbnailUrl\":\"https:\/\/vitradoc.com\/wp-content\/uploads\/2018\/07\/riesgos-laborales-cae.jpg\",\"datePublished\":\"2018-07-11T18:19:51+00:00\",\"dateModified\":\"2021-06-22T09:21:00+00:00\",\"description\":\"La coordinaci\u00f3 d'activitats empresarials CAE obliga a informar dels riscos laborals a les empreses concurrents en un centre de treball.\",\"breadcrumb\":{\"@id\":\"https:\/\/vitradoc.com\/ca\/cae-riscos-laborals\/#breadcrumb\"},\"inLanguage\":\"ca-ES\",\"potentialAction\":[{\"@type\":\"ReadAction\",\"target\":[\"https:\/\/vitradoc.com\/ca\/cae-riscos-laborals\/\"]}]},{\"@type\":\"ImageObject\",\"inLanguage\":\"ca-ES\",\"@id\":\"https:\/\/vitradoc.com\/ca\/cae-riscos-laborals\/#primaryimage\",\"url\":\"https:\/\/vitradoc.com\/wp-content\/uploads\/2018\/07\/riesgos-laborales-cae.jpg\",\"contentUrl\":\"https:\/\/vitradoc.com\/wp-content\/uploads\/2018\/07\/riesgos-laborales-cae.jpg\",\"width\":1600,\"height\":1067,\"caption\":\"riscos laborals CAE\"},{\"@type\":\"BreadcrumbList\",\"@id\":\"https:\/\/vitradoc.com\/ca\/cae-riscos-laborals\/#breadcrumb\",\"itemListElement\":[{\"@type\":\"ListItem\",\"position\":1,\"name\":\"Home\",\"item\":\"https:\/\/vitradoc.com\/ca\/\"},{\"@type\":\"ListItem\",\"position\":2,\"name\":\"Prevenci\u00f3 laboral\",\"item\":\"https:\/\/vitradoc.com\/ca\/category\/prevencio-laboral\/\"},{\"@type\":\"ListItem\",\"position\":3,\"name\":\"CAE : Obligaci\u00f3 d&#8217;informar dels riscos laborals\"}]},{\"@type\":\"WebSite\",\"@id\":\"https:\/\/vitradoc.com\/ca\/#website\",\"url\":\"https:\/\/vitradoc.com\/ca\/\",\"name\":\"VITRAdoc\",\"description\":\"Gestor Documental\",\"publisher\":{\"@id\":\"https:\/\/vitradoc.com\/ca\/#organization\"},\"potentialAction\":[{\"@type\":\"SearchAction\",\"target\":{\"@type\":\"EntryPoint\",\"urlTemplate\":\"https:\/\/vitradoc.com\/ca\/?s={search_term_string}\"},\"query-input\":{\"@type\":\"PropertyValueSpecification\",\"valueRequired\":true,\"valueName\":\"search_term_string\"}}],\"inLanguage\":\"ca-ES\"},{\"@type\":\"Organization\",\"@id\":\"https:\/\/vitradoc.com\/ca\/#organization\",\"name\":\"VITRADOC\",\"url\":\"https:\/\/vitradoc.com\/ca\/\",\"logo\":{\"@type\":\"ImageObject\",\"inLanguage\":\"ca-ES\",\"@id\":\"https:\/\/vitradoc.com\/ca\/#\/schema\/logo\/image\/\",\"url\":\"https:\/\/vitradoc.com\/wp-content\/uploads\/2023\/09\/vitradoc2023.png\",\"contentUrl\":\"https:\/\/vitradoc.com\/wp-content\/uploads\/2023\/09\/vitradoc2023.png\",\"width\":4016,\"height\":1772,\"caption\":\"VITRADOC\"},\"image\":{\"@id\":\"https:\/\/vitradoc.com\/ca\/#\/schema\/logo\/image\/\"},\"sameAs\":[\"https:\/\/www.facebook.com\/vitradoc\/\",\"https:\/\/x.com\/vitradoc\",\"https:\/\/www.instagram.com\/vitradoc_\/\",\"https:\/\/www.linkedin.com\/showcase\/vitradoc\/\",\"https:\/\/www.youtube.com\/channel\/UCh8P4U3xRNm7xbif9PdEXBw\"]},{\"@type\":\"Person\",\"@id\":\"https:\/\/vitradoc.com\/ca\/#\/schema\/person\/e59ad9915e3a5de83e1686140ca12395\",\"name\":\"Ram\u00f3n\",\"image\":{\"@type\":\"ImageObject\",\"inLanguage\":\"ca-ES\",\"@id\":\"https:\/\/vitradoc.com\/ca\/#\/schema\/person\/image\/\",\"url\":\"https:\/\/secure.gravatar.com\/avatar\/448107f47283710d70846c3a8ce7d2964569aebf8cbd69be7f3b52d11d50168d?s=96&d=mm&r=g\",\"contentUrl\":\"https:\/\/secure.gravatar.com\/avatar\/448107f47283710d70846c3a8ce7d2964569aebf8cbd69be7f3b52d11d50168d?s=96&d=mm&r=g\",\"caption\":\"Ram\u00f3n\"}}]}<\/script>\n<!-- \/ Yoast SEO plugin. -->","yoast_head_json":{"title":"CAE : Obligaci\u00f3 d'informar dels riscos laborals &#8211; VITRAdoc","description":"La coordinaci\u00f3 d'activitats empresarials CAE obliga a informar dels riscos laborals a les empreses concurrents en un centre de treball.","robots":{"index":"index","follow":"follow","max-snippet":"max-snippet:-1","max-image-preview":"max-image-preview:large","max-video-preview":"max-video-preview:-1"},"canonical":"https:\/\/vitradoc.com\/ca\/cae-riscos-laborals\/","og_locale":"ca_ES","og_type":"article","og_title":"CAE : Obligaci\u00f3 d'informar dels riscos laborals &#8211; VITRAdoc","og_description":"La coordinaci\u00f3 d'activitats empresarials CAE obliga a informar dels riscos laborals a les empreses concurrents en un centre de treball.","og_url":"https:\/\/vitradoc.com\/ca\/cae-riscos-laborals\/","og_site_name":"VITRAdoc","article_publisher":"https:\/\/www.facebook.com\/vitradoc\/","article_published_time":"2018-07-11T18:19:51+00:00","article_modified_time":"2021-06-22T09:21:00+00:00","og_image":[{"width":1600,"height":1067,"url":"https:\/\/vitradoc.com\/wp-content\/uploads\/2018\/07\/riesgos-laborales-cae.jpg","type":"image\/jpeg"}],"author":"Ram\u00f3n","twitter_card":"summary_large_image","twitter_creator":"@vitradoc","twitter_site":"@vitradoc","twitter_misc":{"Written by":"Ram\u00f3n","Est. reading time":"5 minutes"},"schema":{"@context":"https:\/\/schema.org","@graph":[{"@type":"Article","@id":"https:\/\/vitradoc.com\/ca\/cae-riscos-laborals\/#article","isPartOf":{"@id":"https:\/\/vitradoc.com\/ca\/cae-riscos-laborals\/"},"author":{"name":"Ram\u00f3n","@id":"https:\/\/vitradoc.com\/ca\/#\/schema\/person\/e59ad9915e3a5de83e1686140ca12395"},"headline":"CAE : Obligaci\u00f3 d&#8217;informar dels riscos laborals","datePublished":"2018-07-11T18:19:51+00:00","dateModified":"2021-06-22T09:21:00+00:00","mainEntityOfPage":{"@id":"https:\/\/vitradoc.com\/ca\/cae-riscos-laborals\/"},"wordCount":1102,"publisher":{"@id":"https:\/\/vitradoc.com\/ca\/#organization"},"image":{"@id":"https:\/\/vitradoc.com\/ca\/cae-riscos-laborals\/#primaryimage"},"thumbnailUrl":"https:\/\/vitradoc.com\/wp-content\/uploads\/2018\/07\/riesgos-laborales-cae.jpg","articleSection":["Prevenci\u00f3 laboral"],"inLanguage":"ca-ES"},{"@type":"WebPage","@id":"https:\/\/vitradoc.com\/ca\/cae-riscos-laborals\/","url":"https:\/\/vitradoc.com\/ca\/cae-riscos-laborals\/","name":"CAE : Obligaci\u00f3 d'informar dels riscos laborals &#8211; VITRAdoc","isPartOf":{"@id":"https:\/\/vitradoc.com\/ca\/#website"},"primaryImageOfPage":{"@id":"https:\/\/vitradoc.com\/ca\/cae-riscos-laborals\/#primaryimage"},"image":{"@id":"https:\/\/vitradoc.com\/ca\/cae-riscos-laborals\/#primaryimage"},"thumbnailUrl":"https:\/\/vitradoc.com\/wp-content\/uploads\/2018\/07\/riesgos-laborales-cae.jpg","datePublished":"2018-07-11T18:19:51+00:00","dateModified":"2021-06-22T09:21:00+00:00","description":"La coordinaci\u00f3 d'activitats empresarials CAE obliga a informar dels riscos laborals a les empreses concurrents en un centre de treball.","breadcrumb":{"@id":"https:\/\/vitradoc.com\/ca\/cae-riscos-laborals\/#breadcrumb"},"inLanguage":"ca-ES","potentialAction":[{"@type":"ReadAction","target":["https:\/\/vitradoc.com\/ca\/cae-riscos-laborals\/"]}]},{"@type":"ImageObject","inLanguage":"ca-ES","@id":"https:\/\/vitradoc.com\/ca\/cae-riscos-laborals\/#primaryimage","url":"https:\/\/vitradoc.com\/wp-content\/uploads\/2018\/07\/riesgos-laborales-cae.jpg","contentUrl":"https:\/\/vitradoc.com\/wp-content\/uploads\/2018\/07\/riesgos-laborales-cae.jpg","width":1600,"height":1067,"caption":"riscos laborals CAE"},{"@type":"BreadcrumbList","@id":"https:\/\/vitradoc.com\/ca\/cae-riscos-laborals\/#breadcrumb","itemListElement":[{"@type":"ListItem","position":1,"name":"Home","item":"https:\/\/vitradoc.com\/ca\/"},{"@type":"ListItem","position":2,"name":"Prevenci\u00f3 laboral","item":"https:\/\/vitradoc.com\/ca\/category\/prevencio-laboral\/"},{"@type":"ListItem","position":3,"name":"CAE : Obligaci\u00f3 d&#8217;informar dels riscos laborals"}]},{"@type":"WebSite","@id":"https:\/\/vitradoc.com\/ca\/#website","url":"https:\/\/vitradoc.com\/ca\/","name":"VITRAdoc","description":"Gestor Documental","publisher":{"@id":"https:\/\/vitradoc.com\/ca\/#organization"},"potentialAction":[{"@type":"SearchAction","target":{"@type":"EntryPoint","urlTemplate":"https:\/\/vitradoc.com\/ca\/?s={search_term_string}"},"query-input":{"@type":"PropertyValueSpecification","valueRequired":true,"valueName":"search_term_string"}}],"inLanguage":"ca-ES"},{"@type":"Organization","@id":"https:\/\/vitradoc.com\/ca\/#organization","name":"VITRADOC","url":"https:\/\/vitradoc.com\/ca\/","logo":{"@type":"ImageObject","inLanguage":"ca-ES","@id":"https:\/\/vitradoc.com\/ca\/#\/schema\/logo\/image\/","url":"https:\/\/vitradoc.com\/wp-content\/uploads\/2023\/09\/vitradoc2023.png","contentUrl":"https:\/\/vitradoc.com\/wp-content\/uploads\/2023\/09\/vitradoc2023.png","width":4016,"height":1772,"caption":"VITRADOC"},"image":{"@id":"https:\/\/vitradoc.com\/ca\/#\/schema\/logo\/image\/"},"sameAs":["https:\/\/www.facebook.com\/vitradoc\/","https:\/\/x.com\/vitradoc","https:\/\/www.instagram.com\/vitradoc_\/","https:\/\/www.linkedin.com\/showcase\/vitradoc\/","https:\/\/www.youtube.com\/channel\/UCh8P4U3xRNm7xbif9PdEXBw"]},{"@type":"Person","@id":"https:\/\/vitradoc.com\/ca\/#\/schema\/person\/e59ad9915e3a5de83e1686140ca12395","name":"Ram\u00f3n","image":{"@type":"ImageObject","inLanguage":"ca-ES","@id":"https:\/\/vitradoc.com\/ca\/#\/schema\/person\/image\/","url":"https:\/\/secure.gravatar.com\/avatar\/448107f47283710d70846c3a8ce7d2964569aebf8cbd69be7f3b52d11d50168d?s=96&d=mm&r=g","contentUrl":"https:\/\/secure.gravatar.com\/avatar\/448107f47283710d70846c3a8ce7d2964569aebf8cbd69be7f3b52d11d50168d?s=96&d=mm&r=g","caption":"Ram\u00f3n"}}]}},"_links":{"self":[{"href":"https:\/\/vitradoc.com\/ca\/wp-json\/wp\/v2\/posts\/3831","targetHints":{"allow":["GET"]}}],"collection":[{"href":"https:\/\/vitradoc.com\/ca\/wp-json\/wp\/v2\/posts"}],"about":[{"href":"https:\/\/vitradoc.com\/ca\/wp-json\/wp\/v2\/types\/post"}],"author":[{"embeddable":true,"href":"https:\/\/vitradoc.com\/ca\/wp-json\/wp\/v2\/users\/3"}],"replies":[{"embeddable":true,"href":"https:\/\/vitradoc.com\/ca\/wp-json\/wp\/v2\/comments?post=3831"}],"version-history":[{"count":1,"href":"https:\/\/vitradoc.com\/ca\/wp-json\/wp\/v2\/posts\/3831\/revisions"}],"predecessor-version":[{"id":6492,"href":"https:\/\/vitradoc.com\/ca\/wp-json\/wp\/v2\/posts\/3831\/revisions\/6492"}],"wp:featuredmedia":[{"embeddable":true,"href":"https:\/\/vitradoc.com\/ca\/wp-json\/wp\/v2\/media\/3814"}],"wp:attachment":[{"href":"https:\/\/vitradoc.com\/ca\/wp-json\/wp\/v2\/media?parent=3831"}],"wp:term":[{"taxonomy":"category","embeddable":true,"href":"https:\/\/vitradoc.com\/ca\/wp-json\/wp\/v2\/categories?post=3831"},{"taxonomy":"post_tag","embeddable":true,"href":"https:\/\/vitradoc.com\/ca\/wp-json\/wp\/v2\/tags?post=3831"}],"curies":[{"name":"wp","href":"https:\/\/api.w.org\/{rel}","templated":true}]}}